{"id":4828,"date":"2025-07-09T14:18:47","date_gmt":"2025-07-09T12:18:47","guid":{"rendered":"https:\/\/fragmentix.com\/?p=4828"},"modified":"2025-07-16T09:55:37","modified_gmt":"2025-07-16T07:55:37","slug":"ict-security-conference-2025-dornbirn","status":"publish","type":"post","link":"https:\/\/fragmentix.com\/es\/ict-security-conference-2025-dornbirn\/","title":{"rendered":"fragmentiX en la Conferencia sobre seguridad de las TIC 2025 en Dornbirn"},"content":{"rendered":"<h2 class=\"wp-block-heading\">Fuerte presencia en el principal foro de ciberseguridad de Austria<\/h2>\n\n\n\n<p>Los d\u00edas 25 y 26 de junio, fragmentiX particip\u00f3 en la Conferencia sobre Seguridad de las TIC 2025, celebrada en la Messe Dornbirn de Vorarlberg. Organizada por las Fuerzas Armadas austriacas en colaboraci\u00f3n con la Universidad de Ciencias Aplicadas de Alta Austria y Cyber Security Austria, la conferencia reuni\u00f3 a m\u00e1s de 100 expertos y ponentes de toda Europa para abordar los problemas actuales m\u00e1s acuciantes en materia de ciberseguridad y seguridad de la informaci\u00f3n.<\/p>\n\n\n\n<figure class=\"wp-block-image aligncenter size-large is-resized\"><img loading=\"lazy\" decoding=\"async\" width=\"1024\" height=\"768\" src=\"https:\/\/fragmentix.com\/wp-content\/uploads\/2025\/07\/IKT-2025_Front-Entrance-1024x768.jpg\" alt=\"\" class=\"wp-image-4822\" style=\"width:auto;height:500px\" srcset=\"https:\/\/fragmentix.com\/wp-content\/uploads\/2025\/07\/IKT-2025_Front-Entrance-980x735.jpg 980w, https:\/\/fragmentix.com\/wp-content\/uploads\/2025\/07\/IKT-2025_Front-Entrance-480x360.jpg 480w\" sizes=\"(min-width: 0px) and (max-width: 480px) 480px, (min-width: 481px) and (max-width: 980px) 980px, (min-width: 981px) 1024px, 100vw\" \/><figcaption class=\"wp-element-caption\">Recinto ferial de Dornbirn<\/figcaption><\/figure>\n\n\n\n<p><\/p>\n\n\n\n<p>Desde la defensa nacional hasta la comunicaci\u00f3n cu\u00e1ntica segura, el evento de dos d\u00edas puso de relieve la creciente necesidad de soberan\u00eda digital, infraestructuras de confianza y colaboraci\u00f3n intersectorial. fragmentiX particip\u00f3 en dos presentaciones clave y mantuvo conversaciones en profundidad con socios, clientes y profesionales de la ciberseguridad.<\/p>\n\n\n\n<h2 class=\"wp-block-heading\">D\u00eda 1: Werner Strasser presenta fragmentiX<\/h2>\n\n\n\n<p>Su fundador y consejero delegado, Werner Strasser, present\u00f3 fragmentiX a una audiencia en directo, explicando c\u00f3mo el almacenamiento seguro cu\u00e1ntico y la tecnolog\u00eda Secret Sharing ayudan a las organizaciones a mantener el control de sus datos, incluso en la era de las ciberamenazas avanzadas.<\/p>\n\n\n\n<figure class=\"wp-block-embed is-type-video is-provider-youtube wp-block-embed-youtube wp-embed-aspect-16-9 wp-has-aspect-ratio\"><div class=\"wp-block-embed__wrapper\">\n<iframe loading=\"lazy\" title=\"Seguridad de los datos y resistencia cuantitativa: Werner Strasser, Director General de fragmentiX, en la Conferencia IKT\" width=\"1080\" height=\"608\" src=\"https:\/\/www.youtube.com\/embed\/Qfza4hba6h4?feature=oembed\"  allow=\"accelerometer; autoplay; clipboard-write; encrypted-media; gyroscope; picture-in-picture; web-share\" referrerpolicy=\"strict-origin-when-cross-origin\" allowfullscreen><\/iframe>\n<\/div><figcaption class=\"wp-element-caption\">Werner Strasser presenta fragmentiX - D\u00eda 1, 25 de junio<\/figcaption><\/figure>\n\n\n\n<p>Su charla hizo hincapi\u00e9 en la importancia de la soberan\u00eda de los datos, las configuraciones de nube georredundante y c\u00f3mo las soluciones fragmentiX pueden ayudar a las empresas a afrontar los retos de cumplimiento actuales y futuros.<\/p>\n\n\n\n<h2 class=\"wp-block-heading\">D\u00eda 2: QCI-CAT - Una mirada a la comunicaci\u00f3n cu\u00e1ntica en Austria<\/h2>\n\n\n\n<p>El segundo d\u00eda, el Dr. Sebastian Ramacher (AIT) y Werner Strasser (fragmentiX) presentaron conjuntamente la iniciativa QCI-CAT, la contribuci\u00f3n de Austria a la construcci\u00f3n de una infraestructura de comunicaci\u00f3n cu\u00e1ntica como parte de la estrategia de soberan\u00eda digital de la Uni\u00f3n Europea.<\/p>\n\n\n\n<figure class=\"wp-block-embed is-type-video is-provider-youtube wp-block-embed-youtube wp-embed-aspect-16-9 wp-has-aspect-ratio\"><div class=\"wp-block-embed__wrapper\">\n<iframe loading=\"lazy\" title=\"QCI-CAT erkl\u00e4rt: Infraestructura Quantenresistente para Austria - Vortrag von fragmentiX &amp; AIT\" width=\"1080\" height=\"608\" src=\"https:\/\/www.youtube.com\/embed\/9jBh2vYRajQ?feature=oembed\"  allow=\"accelerometer; autoplay; clipboard-write; encrypted-media; gyroscope; picture-in-picture; web-share\" referrerpolicy=\"strict-origin-when-cross-origin\" allowfullscreen><\/iframe>\n<\/div><figcaption class=\"wp-element-caption\">Presentaci\u00f3n de QCI-CAT - Dr. Ramacher &amp; W. Strasser, 26 de junio<\/figcaption><\/figure>\n\n\n\n<p>Al ser la \u00faltima charla de toda la conferencia, atrajo una gran atenci\u00f3n. Estamos especialmente agradecidos a los numerosos asistentes y espectadores en l\u00ednea que permanecieron con nosotros hasta el final. Su inter\u00e9s por la comunicaci\u00f3n cu\u00e1ntica segura y la protecci\u00f3n de datos nos impulsa a seguir adelante.<\/p>\n\n\n\n<h2 class=\"wp-block-heading\">En buena compa\u00f1\u00eda<\/h2>\n\n\n\n<p>La conferencia tambi\u00e9n ofreci\u00f3 valiosas oportunidades para establecer contactos. En nuestro stand, los visitantes tuvieron la oportunidad de hablar directamente con:<\/p>\n\n\n\n<p><\/p>\n\n\n\n<figure class=\"wp-block-image aligncenter size-full is-resized\"><img loading=\"lazy\" decoding=\"async\" width=\"927\" height=\"927\" src=\"https:\/\/fragmentix.com\/wp-content\/uploads\/2025\/07\/IKT-2025_frX-SEP-Eurebis_Group-photo-2.jpg\" alt=\"\" class=\"wp-image-4837\" style=\"width:auto;height:500px\" srcset=\"https:\/\/fragmentix.com\/wp-content\/uploads\/2025\/07\/IKT-2025_frX-SEP-Eurebis_Group-photo-2.jpg 927w, https:\/\/fragmentix.com\/wp-content\/uploads\/2025\/07\/IKT-2025_frX-SEP-Eurebis_Group-photo-2-480x480.jpg 480w\" sizes=\"(min-width: 0px) and (max-width: 480px) 480px, (min-width: 481px) 927px, 100vw\" \/><figcaption class=\"wp-element-caption\">Walter von Weber (fragmentiX), Werner Strasser (fragmentiX), Monika Anzeletti (fragmentiX), Hartmut Birke (SEP) y Patrick K\u00fcng (Eurebis).<\/figcaption><\/figure>\n\n\n\n<p>Junto con nuestros socios tecnol\u00f3gicos <a href=\"https:\/\/www.sep.de\/de\/\" data-type=\"link\" data-id=\"https:\/\/www.sep.de\/de\/\" target=\"_blank\" rel=\"noopener\">SEP <\/a>y <a href=\"https:\/\/eurebis.ch\/\" data-type=\"link\" data-id=\"https:\/\/eurebis.ch\/\" target=\"_blank\" rel=\"noopener\">Eurebis<\/a>hemos presentado casos reales de uso de soluciones de copia de seguridad y de integraci\u00f3n soberana en la nube.<\/p>\n\n\n\n<h2 class=\"wp-block-heading\">Reflexiones finales<\/h2>\n\n\n\n<p>La Conferencia sobre Seguridad de las TIC demostr\u00f3 una vez m\u00e1s ser un punto de encuentro clave para responsables de la toma de decisiones, investigadores y proveedores de soluciones en el \u00e1mbito de la ciberseguridad. fragmentiX se enorgullece de contribuir a la conversaci\u00f3n en torno a la resiliencia cu\u00e1ntica, las infraestructuras de confianza y las estrategias de datos preparadas para el futuro.<\/p>\n\n\n\n<p>Estamos deseando continuar estos debates en l\u00ednea, en los pr\u00f3ximos talleres y en futuras conferencias.<\/p>\n\n\n\n<h2 class=\"wp-block-heading\">Enlaces relacionados:<\/h2>\n\n\n\n<ul class=\"wp-block-list\">\n<li><a href=\"https:\/\/fragmentix.com\/es\/our-technologies\/\" data-type=\"link\" data-id=\"https:\/\/fragmentix.com\/our-technologies\/\">fragmentiX - Tecnolog\u00eda Quantum Safe<\/a><\/li>\n\n\n\n<li><a href=\"https:\/\/qci-cat.at\/\" data-type=\"link\" data-id=\"https:\/\/qci-cat.at\/\" target=\"_blank\" rel=\"noopener\">Visi\u00f3n general de la iniciativa QCI-CAT<\/a><\/li>\n\n\n\n<li><a href=\"https:\/\/fragmentix.com\/es\/contact-us\/\" data-type=\"link\" data-id=\"https:\/\/fragmentix.com\/contact-us\/\">P\u00f3ngase en contacto con nosotros para obtener m\u00e1s informaci\u00f3n sobre nuestra tecnolog\u00eda<\/a><\/li>\n<\/ul>","protected":false},"excerpt":{"rendered":"<p>A Strong Presence in Austria&#8217;s Premier Cybersecurity Forum On June 25 and 26, fragmentiX participated in the ICT Security Conference 2025, hosted at the Messe Dornbirn in Vorarlberg. Organized by the Austrian Armed Forces in cooperation with the University of Applied Sciences Upper Austria and Cyber Security Austria, the conference brought together over 100 experts [&hellip;]<\/p>\n","protected":false},"author":1,"featured_media":4822,"comment_status":"open","ping_status":"open","sticky":false,"template":"","format":"standard","meta":{"_et_pb_use_builder":"off","_et_pb_old_content":"<!-- wp:heading -->\n<h2 class=\"wp-block-heading\">A Strong Presence in Austria's Premier Cybersecurity Forum<\/h2>\n<!-- \/wp:heading -->\n\n<!-- wp:paragraph -->\n<p>On June 25 and 26, fragmentiX participated in the ICT Security Conference 2025, hosted at the Messe Dornbirn in Vorarlberg. Organized by the Austrian Armed Forces in cooperation with the University of Applied Sciences Upper Austria and Cyber Security Austria, the conference brought together over 100 experts and speakers from across Europe to address today\u2019s most pressing issues in cyber and information security.<\/p>\n<!-- \/wp:paragraph -->\n\n<!-- wp:image {\"id\":4822,\"width\":\"auto\",\"height\":\"500px\",\"sizeSlug\":\"large\",\"linkDestination\":\"none\",\"align\":\"center\"} -->\n<figure class=\"wp-block-image aligncenter size-large is-resized\"><img src=\"https:\/\/fragmentix.com\/wp-content\/uploads\/2025\/07\/IKT-2025_Front-Entrance-1024x768.jpg\" alt=\"\" class=\"wp-image-4822\" style=\"width:auto;height:500px\"\/><figcaption class=\"wp-element-caption\">Dornbirn Exhibition Center<\/figcaption><\/figure>\n<!-- \/wp:image -->\n\n<!-- wp:paragraph -->\n<p><\/p>\n<!-- \/wp:paragraph -->\n\n<!-- wp:paragraph -->\n<p>From national defense to quantum-secure communication, the two-day event highlighted the growing need for digital sovereignty, trusted infrastructure, and cross-sector collaboration. fragmentiX contributed in two key presentations and held in-depth conversations with partners, clients, and cybersecurity professionals.<\/p>\n<!-- \/wp:paragraph -->\n\n<!-- wp:heading -->\n<h2 class=\"wp-block-heading\">Day 1: Werner Strasser Presents fragmentiX<\/h2>\n<!-- \/wp:heading -->\n\n<!-- wp:paragraph -->\n<p>Founder and CEO Werner Strasser introduced fragmentiX to a live audience, outlining how quantum-safe storage and Secret Sharing technology help organizations stay in control of their data \u2014 even in the age of advanced cyber threats.<\/p>\n<!-- \/wp:paragraph -->\n\n<!-- wp:embed {\"url\":\"https:\/\/www.youtube.com\/watch?v=Qfza4hba6h4\",\"type\":\"video\",\"providerNameSlug\":\"youtube\",\"responsive\":true,\"className\":\"wp-embed-aspect-16-9 wp-has-aspect-ratio\"} -->\n<figure class=\"wp-block-embed is-type-video is-provider-youtube wp-block-embed-youtube wp-embed-aspect-16-9 wp-has-aspect-ratio\"><div class=\"wp-block-embed__wrapper\">\nhttps:\/\/www.youtube.com\/watch?v=Qfza4hba6h4\n<\/div><figcaption class=\"wp-element-caption\">Werner Strasser presents fragmentiX \u2013 Day 1, June 25<\/figcaption><\/figure>\n<!-- \/wp:embed -->\n\n<!-- wp:paragraph -->\n<p>His talk emphasized the importance of data sovereignty, geo-redundant cloud setups, and how fragmentiX solutions can help companies meet current and future compliance challenges.<\/p>\n<!-- \/wp:paragraph -->\n\n<!-- wp:heading -->\n<h2 class=\"wp-block-heading\">Day 2: QCI-CAT \u2013 A Look into Quantum Communication in Austria<\/h2>\n<!-- \/wp:heading -->\n\n<!-- wp:paragraph -->\n<p>On the second day, Dr. Sebastian Ramacher (AIT) and Werner Strasser (fragmentiX) co-presented the QCI-CAT initiative \u2014 Austria\u2019s contribution to building a Quantum Communication Infrastructure as part of the European Union\u2019s digital sovereignty strategy.<\/p>\n<!-- \/wp:paragraph -->\n\n<!-- wp:embed {\"url\":\"https:\/\/www.youtube.com\/watch?v=9jBh2vYRajQ\",\"type\":\"video\",\"providerNameSlug\":\"youtube\",\"responsive\":true,\"className\":\"wp-embed-aspect-16-9 wp-has-aspect-ratio\"} -->\n<figure class=\"wp-block-embed is-type-video is-provider-youtube wp-block-embed-youtube wp-embed-aspect-16-9 wp-has-aspect-ratio\"><div class=\"wp-block-embed__wrapper\">\nhttps:\/\/www.youtube.com\/watch?v=9jBh2vYRajQ\n<\/div><figcaption class=\"wp-element-caption\">QCI-CAT Presentation \u2013 Dr. Ramacher &amp; W. Strasser, June 26<\/figcaption><\/figure>\n<!-- \/wp:embed -->\n\n<!-- wp:paragraph -->\n<p>As the final talk of the entire conference, it attracted significant attention. We\u2019re especially grateful for the many attendees and online viewers who stayed with us until the very end. Your interest in quantum-safe communication and data protection drives us forward.<\/p>\n<!-- \/wp:paragraph -->\n\n<!-- wp:heading -->\n<h2 class=\"wp-block-heading\">In Good Company<\/h2>\n<!-- \/wp:heading -->\n\n<!-- wp:paragraph -->\n<p>The conference also offered valuable networking opportunities. At our booth, visitors had the chance to speak directly with:<\/p>\n<!-- \/wp:paragraph -->\n\n<!-- wp:paragraph -->\n<p><\/p>\n<!-- \/wp:paragraph -->\n\n<!-- wp:image {\"id\":4837,\"width\":\"auto\",\"height\":\"500px\",\"sizeSlug\":\"full\",\"linkDestination\":\"none\",\"align\":\"center\"} -->\n<figure class=\"wp-block-image aligncenter size-full is-resized\"><img src=\"https:\/\/fragmentix.com\/wp-content\/uploads\/2025\/07\/IKT-2025_frX-SEP-Eurebis_Group-photo-2.jpg\" alt=\"\" class=\"wp-image-4837\" style=\"width:auto;height:500px\"\/><figcaption class=\"wp-element-caption\">Walter von Weber (fragmentiX), Werner Strasser (fragmentiX), M. A. (fragmentiX), Hartmut Birke (SEP), and Patrick K\u00fcng (Eurebis)<\/figcaption><\/figure>\n<!-- \/wp:image -->\n\n<!-- wp:paragraph -->\n<p>Together with our technology partners <a href=\"https:\/\/www.sep.de\/de\/\" data-type=\"link\" data-id=\"https:\/\/www.sep.de\/de\/\">SEP <\/a>and <a href=\"https:\/\/eurebis.ch\/\" data-type=\"link\" data-id=\"https:\/\/eurebis.ch\/\">Eurebis<\/a>, we showcased real-world use cases of secure backup solutions and sovereign cloud integration.<\/p>\n<!-- \/wp:paragraph -->\n\n<!-- wp:heading -->\n<h2 class=\"wp-block-heading\">Final Thoughts<\/h2>\n<!-- \/wp:heading -->\n\n<!-- wp:paragraph -->\n<p>The ICT Security Conference once again proved to be a key meeting point for decision-makers, researchers, and solution providers in the field of cybersecurity. fragmentiX is proud to contribute to the conversation around quantum resilience, trusted infrastructure, and future-proof data strategies.<\/p>\n<!-- \/wp:paragraph -->\n\n<!-- wp:paragraph -->\n<p>We look forward to continuing these discussions \u2014 online, in upcoming workshops, and at future conferences.<\/p>\n<!-- \/wp:paragraph -->\n\n<!-- wp:heading -->\n<h2 class=\"wp-block-heading\">Related Links:<\/h2>\n<!-- \/wp:heading -->\n\n<!-- wp:list -->\n<ul class=\"wp-block-list\"><!-- wp:list-item -->\n<li><a href=\"https:\/\/fragmentix.com\/our-technologies\/\" data-type=\"link\" data-id=\"https:\/\/fragmentix.com\/our-technologies\/\">fragmentiX \u2013 Quantum Safe Technology<\/a><\/li>\n<!-- \/wp:list-item -->\n\n<!-- wp:list-item -->\n<li><a href=\"https:\/\/qci-cat.at\/\" data-type=\"link\" data-id=\"https:\/\/qci-cat.at\/\">QCI-CAT Initiative Overview<\/a><\/li>\n<!-- \/wp:list-item -->\n\n<!-- wp:list-item -->\n<li><a href=\"https:\/\/fragmentix.com\/contact-us\/\" data-type=\"link\" data-id=\"https:\/\/fragmentix.com\/contact-us\/\">Contact us to learn more about our technology<\/a><\/li>\n<!-- \/wp:list-item --><\/ul>\n<!-- \/wp:list -->","_et_gb_content_width":"","_monsterinsights_skip_tracking":false,"_monsterinsights_sitenote_active":false,"_monsterinsights_sitenote_note":"","_monsterinsights_sitenote_category":0,"footnotes":""},"categories":[99,76],"tags":[109,107,103,106,69,101,110,105,102,104,108],"class_list":["post-4828","post","type-post","status-publish","format-standard","has-post-thumbnail","hentry","category-events","category-partnership","tag-cyber-resilience","tag-cybersecurity-austria","tag-data-sovereignty","tag-encrypted-cloud-storage","tag-fragmentix","tag-ict-security-conference-2025","tag-qci-cat","tag-quantum-communication","tag-quantum-safe-storage","tag-secret-sharing-technology","tag-sovereign-cloud-solutions"],"_links":{"self":[{"href":"https:\/\/fragmentix.com\/es\/wp-json\/wp\/v2\/posts\/4828","targetHints":{"allow":["GET"]}}],"collection":[{"href":"https:\/\/fragmentix.com\/es\/wp-json\/wp\/v2\/posts"}],"about":[{"href":"https:\/\/fragmentix.com\/es\/wp-json\/wp\/v2\/types\/post"}],"author":[{"embeddable":true,"href":"https:\/\/fragmentix.com\/es\/wp-json\/wp\/v2\/users\/1"}],"replies":[{"embeddable":true,"href":"https:\/\/fragmentix.com\/es\/wp-json\/wp\/v2\/comments?post=4828"}],"version-history":[{"count":13,"href":"https:\/\/fragmentix.com\/es\/wp-json\/wp\/v2\/posts\/4828\/revisions"}],"predecessor-version":[{"id":4871,"href":"https:\/\/fragmentix.com\/es\/wp-json\/wp\/v2\/posts\/4828\/revisions\/4871"}],"wp:featuredmedia":[{"embeddable":true,"href":"https:\/\/fragmentix.com\/es\/wp-json\/wp\/v2\/media\/4822"}],"wp:attachment":[{"href":"https:\/\/fragmentix.com\/es\/wp-json\/wp\/v2\/media?parent=4828"}],"wp:term":[{"taxonomy":"category","embeddable":true,"href":"https:\/\/fragmentix.com\/es\/wp-json\/wp\/v2\/categories?post=4828"},{"taxonomy":"post_tag","embeddable":true,"href":"https:\/\/fragmentix.com\/es\/wp-json\/wp\/v2\/tags?post=4828"}],"curies":[{"name":"wp","href":"https:\/\/api.w.org\/{rel}","templated":true}]}}