{"id":5382,"date":"2025-11-24T13:37:59","date_gmt":"2025-11-24T11:37:59","guid":{"rendered":"https:\/\/fragmentix.com\/?p=5382"},"modified":"2025-11-24T14:01:32","modified_gmt":"2025-11-24T12:01:32","slug":"european-cloud-independence","status":"publish","type":"post","link":"https:\/\/fragmentix.com\/de\/european-cloud-independence\/","title":{"rendered":"Digitale Souver\u00e4nit\u00e4t in Europa: Warum Cloud-Unabh\u00e4ngigkeit jetzt entscheidend ist"},"content":{"rendered":"<p>Wir reden und schreiben seit Langem \u00fcber die Bedeutung von digitaler Souver\u00e4nit\u00e4t, technischer Unabh\u00e4ngigkeit und sicherer Datenarchitekturen. Nun greift auch ehemaliger EU-Kommissar Thierry Breton diese Themen im <a href=\"https:\/\/www.handelsblatt.com\/meinung\/gastbeitraege\/gastkommentar-wir-duerfen-uns-nicht-zu-nuetzlichen-idioten-machen\/100175301.html\" target=\"_blank\" rel=\"noopener\">Handelsblatt-Gastbeitrag \u201eWir d\u00fcrfen uns nicht zu n\u00fctzlichen Idioten machen\u201c<\/a> auf \u2013 mit bemerkenswerter Klarheit.<\/p>\n\n\n\n<p>Breton warnt, dass Europa Gefahr l\u00e4uft, seine digitale Zukunft in die H\u00e4nde weniger globaler Konzerne zu legen, deren Interessen nicht zwingend mit den europ\u00e4ischen Werten von Datenschutz, Wettbewerb und demokratischer Kontrolle \u00fcbereinstimmen. Seine Botschaft ist deutlich: Wenn wir unsere Infrastruktur, unsere Daten und unsere Schl\u00fcsseltechnologien dauerhaft au\u00dferhalb Europas betreiben lassen, verlieren wir nicht nur Marktmacht \u2013 wir verlieren Selbstbestimmung.<\/p>\n\n\n\n<p>Diese Position trifft genau den Kern dessen, worauf wir bei fragmentiX seit Jahren hinweisen. Wir erleben in der Praxis t\u00e4glich, wie kritisch Abh\u00e4ngigkeiten von nicht-europ\u00e4ischen Cloud- und Softwareanbietern werden \u2013 sei es durch rechtliche Zugriffsm\u00f6glichkeiten wie den US-CLOUD Act, durch geopolitische Unsicherheiten oder schlicht durch wirtschaftliche Konzentration.<\/p>\n\n\n\n<p>Darum greifen wir Bretons Appell auf, weil er ein politisches Bewusstsein schafft, das l\u00e4ngst \u00fcberf\u00e4llig war: <strong>Digitale Souver\u00e4nit\u00e4t ist keine IT-Frage, sondern ein Fundament europ\u00e4ischer Unabh\u00e4ngigkeit.<\/strong><\/p>\n\n\n\n<p>Und sie beginnt nicht in Br\u00fcssel oder Stra\u00dfburg, sondern in jeder Organisation, die heute entscheidet, wo und wie ihre Daten gespeichert, verarbeitet und gesichert werden.<\/p>\n\n\n\n<h2 class=\"wp-block-heading\"><strong>Drei Schritte zu echter digitaler Souver\u00e4nit\u00e4t<\/strong><\/h2>\n\n\n\n<p>Unserer Ansicht nach werden in den kommenden Jahren vor allem drei Schritte entscheidend sein, wenn Europa diese Herausforderung meistern will:<\/p>\n\n\n\n<p><strong>1.\tEurop\u00e4ische Souver\u00e4nit\u00e4t sichern.<br><\/strong>Datenverarbeitung, Kommunikation und Speicherung m\u00fcssen unter europ\u00e4ischer Rechtsaufsicht und in europ\u00e4ischen Infrastrukturen stattfinden. Nur so lassen sich Datenschutz, Innovationsschutz und nationale Sicherheitsinteressen langfristig gew\u00e4hrleisten.<\/p>\n\n\n\n<p><strong>2.\tUnabh\u00e4ngigkeit von US-Dienstleistern st\u00e4rken<br><\/strong>Es geht nicht um Abschottung, sondern um Rechtsklarheit. Solange Gesetze wie der US CLOUD Act oder der FISA Amendments Act den Zugriff auf europ\u00e4ische Daten erm\u00f6glichen, bleibt echte Souver\u00e4nit\u00e4t eine Illusion. Europa braucht eigene Alternativen, eigene Clouds und eigene Technologieanbieter.<\/p>\n\n\n\n<p><strong>3.\tOpen-Source-Technologien konsequent f\u00f6rdern und nutzen<br><\/strong>Transparenz schafft Vertrauen. Offene Standards und \u00fcberpr\u00fcfbarer Code sind das Fundament einer vertrauensw\u00fcrdigen, resilienten IT-Landschaft. Propriet\u00e4re Systeme k\u00f6nnen kurzfristig bequem erscheinen, f\u00fchren aber langfristig zu Abh\u00e4ngigkeit, Black-Box-Strukturen und Kontrollverlust.<\/p>\n\n\n\n<p>Wenn wir diesen Weg ernsthaft gehen, dann nicht als politisches Schlagwort, sondern als strategische Investition in Europas Handlungsf\u00e4higkeit.<\/p>\n\n\n\n<p>Denn digitale Souver\u00e4nit\u00e4t ist mehr als Datenschutz \u2013 sie ist die Voraussetzung daf\u00fcr, dass Europa seine wirtschaftlichen, wissenschaftlichen und sicherheitspolitischen Interessen selbstbestimmt gestalten kann.<\/p>\n\n\n\n<h2 class=\"wp-block-heading\"><strong>Cloud ist kein neutraler Raum mehr<\/strong><\/h2>\n\n\n\n<p>Lange galt Cloud-Computing als Synonym f\u00fcr Innovation und Effizienz. Heute wissen wir: Cloud ist nicht neutral.\nJurisdiktion, Eigentumsverh\u00e4ltnisse und Anbieterabh\u00e4ngigkeiten bestimmen, wie frei europ\u00e4ische Organisationen tats\u00e4chlich handeln k\u00f6nnen.<\/p>\n\n\n\n<ul class=\"wp-block-list\">\n<li><strong>Jurisdiktion als Risiko:<\/strong> Selbst wenn Daten physisch in Europa liegen, k\u00f6nnen sie \u00fcber ausl\u00e4ndische Muttergesellschaften unter fremdes Recht fallen. Der CLOUD Act erlaubt US-Beh\u00f6rden etwa den Zugriff auf Daten, die von US-Unternehmen kontrolliert werden \u2013 auch wenn sie in europ\u00e4ischen Rechenzentren liegen.<\/li>\n\n\n\n<li><strong>Abh\u00e4ngigkeit von Hyperscalern:<\/strong> Drei US-Anbieter dominieren \u00fcber 70 % des europ\u00e4ischen Cloud-Marktes (<a href=\"https:\/\/www.itpro.com\/cloud\/cloud-computing\/us-companies-dominate-the-european-cloud-market-regional-players-are-left-fighting-for-scraps\" target=\"_blank\" rel=\"noopener\">IT Pro, 2025<\/a>). Das schafft Skaleneffizienz, aber auch strategische Verwundbarkeit.<\/li>\n\n\n\n<li><strong>Wettbewerb und Innovation:<\/strong> Propriet\u00e4re \u00d6kosysteme bremsen den offenen Wettbewerb und erschweren die Entwicklung europ\u00e4ischer Alternativen.<\/li>\n<\/ul>\n\n\n\n<p>Initiativen wie <a href=\"https:\/\/gaia-x.eu\/\" target=\"_blank\" rel=\"noopener\">GAIA-X<\/a> oder die EU Cloud Certification (<a href=\"https:\/\/www.digitalsme.eu\/digital\/uploads\/Policy-Paper-EU-Certification-Scheme-for-Cloud-Services.pdf\" target=\"_blank\" rel=\"noopener\">EUCS<\/a>) zeigen, dass Europa die richtigen Fragen stellt \u2013 aber die Umsetzung wird dar\u00fcber entscheiden, ob wir unabh\u00e4ngige digitale Infrastrukturen tats\u00e4chlich aufbauen oder nur weiterverwaltete Abh\u00e4ngigkeit erzeugen.<\/p>\n\n\n\n<h2 class=\"wp-block-heading\"><strong>Unternehmen stehen in der Verantwortung<\/strong><\/h2>\n\n\n\n<p>Digitale Souver\u00e4nit\u00e4t beginnt im Kleinen \u2013 bei der Frage, welche Cloud, welche Software, welches Backup-System eingesetzt wird.\nViele Unternehmen untersch\u00e4tzen, dass sie selbst die Verantwortung f\u00fcr Datenintegrit\u00e4t und Wiederherstellbarkeit tragen.\nDer \u201eShared Responsibility\u201c-Ansatz vieler Cloud-Anbieter bedeutet eben nicht, dass Sicherheit vollst\u00e4ndig ausgelagert ist.<\/p>\n\n\n\n<p>Ein modernes Sicherheitskonzept muss daher drei Ebenen abdecken:<\/p>\n\n\n\n<ul class=\"wp-block-list\">\n<li><strong>Technische Kontrolle:<\/strong> Verschl\u00fcsselung, Fragmentierung und Objekt-Lock-Technologien m\u00fcssen verhindern, dass Daten unbemerkt ver\u00e4ndert oder gel\u00f6scht werden k\u00f6nnen.<\/li>\n\n\n\n<li><strong>Juristische Kontrolle:<\/strong> Der Speicherort und das anwendbare Recht m\u00fcssen mit europ\u00e4ischen Datenschutzvorgaben kompatibel sein.<\/li>\n\n\n\n<li><strong>Operationale Kontrolle:<\/strong> Im Krisenfall muss eine Wiederherstellung ohne Zustimmung oder Mitwirkung des Cloud-Anbieters m\u00f6glich sein.<\/li>\n<\/ul>\n\n\n\n<p>Nur wer diese Ebenen versteht und bewusst gestaltet, handelt souver\u00e4n.<\/p>\n\n\n\n<p>Unternehmen, die ihre Speicher- und Backup-Architektur souver\u00e4n gestalten m\u00f6chten, finden in unserer <a href=\"https:\/\/fragmentix.com\/de\/qbackup\/\">Quantum Safe Backup L\u00f6sung<\/a>ein praxisnahes Beispiel f\u00fcr diese Prinzipien. Sie zeigt, wie Informations-theoretische Sicherheit, Fragmentierung und europ\u00e4ische Cloud-Standorte gemeinsam echte Datensouver\u00e4nit\u00e4t erm\u00f6glichen.<\/p>\n\n\n\n<h2 class=\"wp-block-heading\"><strong>fragmentiX\u2019 Perspektive: Vertrauen durch Technik, nicht durch Versprechen<\/strong><\/h2>\n\n\n\n<p>fragmentiX steht f\u00fcr einen europ\u00e4ischen Ansatz: Vertrauen entsteht durch \u00fcberpr\u00fcfbare Technologie, nicht durch reine Marketing-Slogans.<\/p>\n\n\n\n<p>Unsere Mission ist es, Cloud-Nutzung und Datenspeicherung so zu gestalten, dass Unternehmen ihre digitale Selbstbestimmung behalten - unabh\u00e4ngig davon, ob sie Cloud-Dienste, lokale Server oder hybride Infrastrukturen nutzen. Dazu geh\u00f6rt die \u00dcberzeugung, dass die Cloud nicht der Feind ist, sondern ein Werkzeug, das souver\u00e4n gestaltet werden muss.<\/p>\n\n\n\n<p>Mit Techniken wie Informations-theoretischer Sicherheit (ITS), <a href=\"https:\/\/fragmentix.com\/de\/our-technologies\/\" data-type=\"page\" data-id=\"4337\">Secret Sharing<\/a>, und verteilten Cloud-Speicherorten l\u00e4sst sich Abh\u00e4ngigkeit reduzieren, ohne auf Skalierbarkeit oder Komfort zu verzichten.<\/p>\n\n\n\n<p>Unser Ziel ist klar: Datenhoheit soll kein theoretisches Ideal sein, sondern eine praktische Realit\u00e4t \u2013 auch und gerade f\u00fcr europ\u00e4ische Unternehmen, Beh\u00f6rden und Forschungseinrichtungen.<\/p>\n\n\n\n<p>Wenn Sie wissen m\u00f6chten, wie sich diese Prinzipien in Ihrer eigenen IT-Umgebung umsetzen lassen, beraten wir Sie gerne individuell. <a href=\"https:\/\/fragmentix.com\/de\/contact-us\/\" data-type=\"page\" data-id=\"4402\">Kontaktieren Sie uns hier<\/a> \u2013 gemeinsam entwickeln wir eine souver\u00e4ne Datensicherungsstrategie, die zu Ihrer Organisation passt.<\/p>\n\n\n\n<h2 class=\"wp-block-heading\"><strong>Fazit: Souver\u00e4nit\u00e4t ist kein Luxus, sondern Pflicht<\/strong><\/h2>\n\n\n\n<p>Der Gastbeitrag von Thierry Breton ist mehr als ein Appell \u2013 er ist eine Erinnerung daran, dass technologische Bequemlichkeit langfristig teuer werden kann.\nWer heute seine Daten in unkontrollierten Rechtsr\u00e4umen speichert oder Cloud-Anbietern blind vertraut, riskiert mehr als Datenverlust. Er riskiert seine Handlungsf\u00e4higkeit.<\/p>\n\n\n\n<p>Digitale Souver\u00e4nit\u00e4t bedeutet, die Kontrolle \u00fcber Daten, Systeme und Entscheidungen zu behalten \u2013 technisch, rechtlich und strategisch.\nDas ist keine Option mehr, sondern Voraussetzung f\u00fcr ein selbstbestimmtes Europa.<\/p>\n\n\n\n<p>Wir teilen Bretons Ansicht: Europa darf sich nicht zu \u201en\u00fctzlichen Idioten\u201c machen, die ihre digitale Infrastruktur aus der Hand geben.\nDer Weg in eine sichere Zukunft f\u00fchrt \u00fcber eigene Technologie, transparente Standards und souver\u00e4ne Architekturen \u2013 von der Cloud bis zum Backup.<\/p>\n\n\n\n<p>fragmentiX entwickelt europ\u00e4ische Sicherheitsl\u00f6sungen f\u00fcr eine souver\u00e4ne, \u00fcberpr\u00fcfbare und quantum-safe Datenspeicherung.\nMehr \u00fcber unsere <a href=\"https:\/\/fragmentix.com\/de\/products\/\">Produkte<\/a> oder <a href=\"https:\/\/fragmentix.com\/de\/contact-us\/\">direkt Kontakt aufnehmen<\/a>!<\/p>\n\n\n\n<h4 class=\"wp-block-heading\"><strong>Quellen<\/strong>:<\/h4>\n\n\n\n<p>Handelsblatt. Thierry Breton. 2025. Gastkommentar: \u201eWir d\u00fcrfen uns nicht zu n\u00fctzlichen Idioten machen\u201c. <a href=\"https:\/\/www.handelsblatt.com\/meinung\/gastbeitraege\/gastkommentar-wir-duerfen-uns-nicht-zu-nuetzlichen-idioten-machen\/100175301.html\" target=\"_blank\" rel=\"noopener\">https:\/\/www.handelsblatt.com\/meinung\/gastbeitraege\/gastkommentar-wir-duerfen-uns-nicht-zu-nuetzlichen-idioten-machen\/100175301.html<\/a><\/p>\n\n\n\n<p>IT Pro, 2025. US companies dominate the European cloud market \u2013 regional players are left fighting for scraps. <a href=\"https:\/\/www.itpro.com\/cloud\/cloud-computing\/us-companies-dominate-the-european-cloud-market-regional-players-are-left-fighting-for-scraps\" target=\"_blank\" rel=\"noopener\">https:\/\/www.itpro.com\/cloud\/cloud-computing\/us-companies-dominate-the-european-cloud-market-regional-players-are-left-fighting-for-scraps<\/a><\/p>","protected":false},"excerpt":{"rendered":"<p>We have been talking and writing about the importance of digital sovereignty, technical independence, and secure data architectures for a long time. Now, former EU Commissioner Thierry Breton is also addressing these issues in his guest article in Handelsblatt entitled \u201cWe must not allow ourselves to become useful idiots\u201d \u2013 with remarkable clarity. Breton warns [&hellip;]<\/p>\n","protected":false},"author":16,"featured_media":5384,"comment_status":"open","ping_status":"open","sticky":false,"template":"","format":"standard","meta":{"_et_pb_use_builder":"off","_et_pb_old_content":"","_et_gb_content_width":"","_monsterinsights_skip_tracking":false,"_monsterinsights_sitenote_active":false,"_monsterinsights_sitenote_note":"","_monsterinsights_sitenote_category":0,"footnotes":""},"categories":[56],"tags":[279,262,280,269,273,267,272,274,281,265,266,69,277,268,270,275,122,271,278,108,264,276],"class_list":["post-5382","post","type-post","status-publish","format-standard","has-post-thumbnail","hentry","category-general","tag-cloud-security-europe","tag-cloud-unabhangigkeit","tag-data-sovereignty-2","tag-datensouveranitat","tag-digitale-souveranitat-europa","tag-eu-cloud-anbieter","tag-eu-cloud-certification-eucs","tag-eu-digital-independence","tag-eu-digital-sovereignty-strategy","tag-europaische-cloud","tag-europaische-digitale-strategie","tag-fragmentix","tag-fragmentix-2","tag-gaia-x","tag-informations-theoretische-sicherheit-sekundare-keywords","tag-open-source-cloud-infrastructure","tag-post-quantum-cryptography","tag-souverane-cloud","tag-sovereign-cloud-europe","tag-sovereign-cloud-solutions","tag-thierry-breton-handelsblatt","tag-us-cloud-act"],"_links":{"self":[{"href":"https:\/\/fragmentix.com\/de\/wp-json\/wp\/v2\/posts\/5382","targetHints":{"allow":["GET"]}}],"collection":[{"href":"https:\/\/fragmentix.com\/de\/wp-json\/wp\/v2\/posts"}],"about":[{"href":"https:\/\/fragmentix.com\/de\/wp-json\/wp\/v2\/types\/post"}],"author":[{"embeddable":true,"href":"https:\/\/fragmentix.com\/de\/wp-json\/wp\/v2\/users\/16"}],"replies":[{"embeddable":true,"href":"https:\/\/fragmentix.com\/de\/wp-json\/wp\/v2\/comments?post=5382"}],"version-history":[{"count":4,"href":"https:\/\/fragmentix.com\/de\/wp-json\/wp\/v2\/posts\/5382\/revisions"}],"predecessor-version":[{"id":5387,"href":"https:\/\/fragmentix.com\/de\/wp-json\/wp\/v2\/posts\/5382\/revisions\/5387"}],"wp:featuredmedia":[{"embeddable":true,"href":"https:\/\/fragmentix.com\/de\/wp-json\/wp\/v2\/media\/5384"}],"wp:attachment":[{"href":"https:\/\/fragmentix.com\/de\/wp-json\/wp\/v2\/media?parent=5382"}],"wp:term":[{"taxonomy":"category","embeddable":true,"href":"https:\/\/fragmentix.com\/de\/wp-json\/wp\/v2\/categories?post=5382"},{"taxonomy":"post_tag","embeddable":true,"href":"https:\/\/fragmentix.com\/de\/wp-json\/wp\/v2\/tags?post=5382"}],"curies":[{"name":"wp","href":"https:\/\/api.w.org\/{rel}","templated":true}]}}