{"id":4828,"date":"2025-07-09T14:18:47","date_gmt":"2025-07-09T12:18:47","guid":{"rendered":"https:\/\/fragmentix.com\/?p=4828"},"modified":"2025-07-16T09:55:37","modified_gmt":"2025-07-16T07:55:37","slug":"ict-security-conference-2025-dornbirn","status":"publish","type":"post","link":"https:\/\/fragmentix.com\/de\/ict-security-conference-2025-dornbirn\/","title":{"rendered":"fragmentiX @ ICT-Sicherheitskonferenz 2025 in Dornbirn"},"content":{"rendered":"<h2 class=\"wp-block-heading\">Starke Pr\u00e4senz bei \u00d6sterreichs erstem Cybersecurity-Forum<\/h2>\n\n\n\n<p>Am 25. und 26. Juni nahm fragmentiX an der ICT Security Conference 2025 teil, die in der Messe Dornbirn in Vorarlberg stattfand. Die vom \u00d6sterreichischen Bundesheer in Zusammenarbeit mit der Fachhochschule Ober\u00f6sterreich und Cyber Security Austria organisierte Konferenz brachte mehr als 100 Experten und Redner aus ganz Europa zusammen, um die dr\u00e4ngendsten Fragen der Cyber- und Informationssicherheit zu er\u00f6rtern.<\/p>\n\n\n\n<figure class=\"wp-block-image aligncenter size-large is-resized\"><img loading=\"lazy\" decoding=\"async\" width=\"1024\" height=\"768\" src=\"https:\/\/fragmentix.com\/wp-content\/uploads\/2025\/07\/IKT-2025_Front-Entrance-1024x768.jpg\" alt=\"\" class=\"wp-image-4822\" style=\"width:auto;height:500px\" srcset=\"https:\/\/fragmentix.com\/wp-content\/uploads\/2025\/07\/IKT-2025_Front-Entrance-980x735.jpg 980w, https:\/\/fragmentix.com\/wp-content\/uploads\/2025\/07\/IKT-2025_Front-Entrance-480x360.jpg 480w\" sizes=\"(min-width: 0px) and (max-width: 480px) 480px, (min-width: 481px) and (max-width: 980px) 980px, (min-width: 981px) 1024px, 100vw\" \/><figcaption class=\"wp-element-caption\">Messezentrum Dornbirn<\/figcaption><\/figure>\n\n\n\n<p><\/p>\n\n\n\n<p>Von der Landesverteidigung bis zur quantensicheren Kommunikation - die zweit\u00e4gige Veranstaltung unterstrich den wachsenden Bedarf an digitaler Souver\u00e4nit\u00e4t, vertrauensw\u00fcrdiger Infrastruktur und sektor\u00fcbergreifender Zusammenarbeit. fragmentiX trug mit zwei wichtigen Pr\u00e4sentationen bei und f\u00fchrte ausf\u00fchrliche Gespr\u00e4che mit Partnern, Kunden und Cybersicherheitsexperten.<\/p>\n\n\n\n<h2 class=\"wp-block-heading\">Tag 1: Werner Strasser pr\u00e4sentiert fragmentiX<\/h2>\n\n\n\n<p>Der Gr\u00fcnder und CEO Werner Strasser stellte fragmentiX einem Live-Publikum vor und erl\u00e4uterte, wie die quantensichere Speicherung und die Secret Sharing-Technologie Unternehmen helfen, die Kontrolle \u00fcber ihre Daten zu behalten - selbst im Zeitalter fortschrittlicher Cyber-Bedrohungen.<\/p>\n\n\n\n<figure class=\"wp-block-embed is-type-video is-provider-youtube wp-block-embed-youtube wp-embed-aspect-16-9 wp-has-aspect-ratio\"><div class=\"wp-block-embed__wrapper\">\n<iframe loading=\"lazy\" title=\"Datensouver\u00e4nit\u00e4t &amp; Quantenresistenz: fragmentiX Gesch\u00e4ftsf\u00fchrer Werner Strasser auf der IKT-Konferenz\" width=\"1080\" height=\"608\" src=\"https:\/\/www.youtube.com\/embed\/Qfza4hba6h4?feature=oembed\"  allow=\"accelerometer; autoplay; clipboard-write; encrypted-media; gyroscope; picture-in-picture; web-share\" referrerpolicy=\"strict-origin-when-cross-origin\" allowfullscreen><\/iframe>\n<\/div><figcaption class=\"wp-element-caption\">Werner Strasser pr\u00e4sentiert fragmentiX - Tag 1, 25. Juni<\/figcaption><\/figure>\n\n\n\n<p>Sein Vortrag betonte die Bedeutung der Datensouver\u00e4nit\u00e4t, georedundante Cloud-Konfigurationen und wie fragmentiX-L\u00f6sungen Unternehmen dabei helfen k\u00f6nnen, aktuelle und zuk\u00fcnftige Compliance-Herausforderungen zu meistern.<\/p>\n\n\n\n<h2 class=\"wp-block-heading\">Tag 2: QCI-CAT - Ein Blick in die Quantenkommunikation in \u00d6sterreich<\/h2>\n\n\n\n<p>Am zweiten Tag pr\u00e4sentierten Dr. Sebastian Ramacher (AIT) und Werner Strasser (fragmentiX) gemeinsam die QCI-CAT-Initiative - \u00d6sterreichs Beitrag zum Aufbau einer Quantenkommunikationsinfrastruktur als Teil der Strategie der digitalen Souver\u00e4nit\u00e4t der Europ\u00e4ischen Union.<\/p>\n\n\n\n<figure class=\"wp-block-embed is-type-video is-provider-youtube wp-block-embed-youtube wp-embed-aspect-16-9 wp-has-aspect-ratio\"><div class=\"wp-block-embed__wrapper\">\n<iframe loading=\"lazy\" title=\"QCI-CAT erkl\u00e4rt: Quantenresistente Infrastruktur f\u00fcr \u00d6sterreich - Vortrag von fragmentiX &amp; AIT\" width=\"1080\" height=\"608\" src=\"https:\/\/www.youtube.com\/embed\/9jBh2vYRajQ?feature=oembed\"  allow=\"accelerometer; autoplay; clipboard-write; encrypted-media; gyroscope; picture-in-picture; web-share\" referrerpolicy=\"strict-origin-when-cross-origin\" allowfullscreen><\/iframe>\n<\/div><figcaption class=\"wp-element-caption\">QCI-CAT Pr\u00e4sentation - Dr. Ramacher &amp; W. Strasser, 26. Juni<\/figcaption><\/figure>\n\n\n\n<p>Als letzter Vortrag der gesamten Konferenz zog er gro\u00dfe Aufmerksamkeit auf sich. Wir sind besonders dankbar f\u00fcr die vielen Teilnehmer und Online-Zuschauer, die uns bis zum Schluss begleitet haben. Ihr Interesse an quantensicherer Kommunikation und Datenschutz treibt uns voran.<\/p>\n\n\n\n<h2 class=\"wp-block-heading\">In guter Gesellschaft<\/h2>\n\n\n\n<p>Die Konferenz bot auch wertvolle Gelegenheiten zum Networking. An unserem Stand hatten die Besucher die M\u00f6glichkeit, direkt mit anderen zu sprechen:<\/p>\n\n\n\n<p><\/p>\n\n\n\n<figure class=\"wp-block-image aligncenter size-full is-resized\"><img loading=\"lazy\" decoding=\"async\" width=\"927\" height=\"927\" src=\"https:\/\/fragmentix.com\/wp-content\/uploads\/2025\/07\/IKT-2025_frX-SEP-Eurebis_Group-photo-2.jpg\" alt=\"\" class=\"wp-image-4837\" style=\"width:auto;height:500px\" srcset=\"https:\/\/fragmentix.com\/wp-content\/uploads\/2025\/07\/IKT-2025_frX-SEP-Eurebis_Group-photo-2.jpg 927w, https:\/\/fragmentix.com\/wp-content\/uploads\/2025\/07\/IKT-2025_frX-SEP-Eurebis_Group-photo-2-480x480.jpg 480w\" sizes=\"(min-width: 0px) and (max-width: 480px) 480px, (min-width: 481px) 927px, 100vw\" \/><figcaption class=\"wp-element-caption\">Walter von Weber (fragmentiX), Werner Strasser (fragmentiX), Monika Anzeletti (fragmentiX), Hartmut Birke (SEP) und Patrick K\u00fcng (Eurebis)<\/figcaption><\/figure>\n\n\n\n<p>Gemeinsam mit unseren Technologiepartnern <a href=\"https:\/\/www.sep.de\/de\/\" data-type=\"link\" data-id=\"https:\/\/www.sep.de\/de\/\" target=\"_blank\" rel=\"noopener\">SEP <\/a>und <a href=\"https:\/\/eurebis.ch\/\" data-type=\"link\" data-id=\"https:\/\/eurebis.ch\/\" target=\"_blank\" rel=\"noopener\">Eurebis<\/a>haben wir reale Anwendungsf\u00e4lle f\u00fcr sichere Backup-L\u00f6sungen und souver\u00e4ne Cloud-Integration vorgestellt.<\/p>\n\n\n\n<h2 class=\"wp-block-heading\">Abschlie\u00dfende \u00dcberlegungen<\/h2>\n\n\n\n<p>Die ICT Security Conference erwies sich einmal mehr als wichtiger Treffpunkt f\u00fcr Entscheidungstr\u00e4ger, Forscher und L\u00f6sungsanbieter im Bereich der Cybersicherheit. fragmentiX ist stolz darauf, einen Beitrag zu den Gespr\u00e4chen \u00fcber Quanten-Resilienz, vertrauensw\u00fcrdige Infrastrukturen und zukunftssichere Datenstrategien zu leisten.<\/p>\n\n\n\n<p>Wir freuen uns darauf, diese Diskussionen fortzusetzen - online, in kommenden Workshops und auf zuk\u00fcnftigen Konferenzen.<\/p>\n\n\n\n<h2 class=\"wp-block-heading\">Verwandte Links:<\/h2>\n\n\n\n<ul class=\"wp-block-list\">\n<li><a href=\"https:\/\/fragmentix.com\/de\/our-technologies\/\" data-type=\"link\" data-id=\"https:\/\/fragmentix.com\/our-technologies\/\">fragmentiX - Quantensichere Technologie<\/a><\/li>\n\n\n\n<li><a href=\"https:\/\/qci-cat.at\/\" data-type=\"link\" data-id=\"https:\/\/qci-cat.at\/\" target=\"_blank\" rel=\"noopener\">\u00dcberblick \u00fcber die QCI-CAT-Initiative<\/a><\/li>\n\n\n\n<li><a href=\"https:\/\/fragmentix.com\/de\/contact-us\/\" data-type=\"link\" data-id=\"https:\/\/fragmentix.com\/contact-us\/\">Kontaktieren Sie uns, um mehr \u00fcber unsere Technologie zu erfahren<\/a><\/li>\n<\/ul>","protected":false},"excerpt":{"rendered":"<p>A Strong Presence in Austria&#8217;s Premier Cybersecurity Forum On June 25 and 26, fragmentiX participated in the ICT Security Conference 2025, hosted at the Messe Dornbirn in Vorarlberg. Organized by the Austrian Armed Forces in cooperation with the University of Applied Sciences Upper Austria and Cyber Security Austria, the conference brought together over 100 experts [&hellip;]<\/p>\n","protected":false},"author":1,"featured_media":4822,"comment_status":"open","ping_status":"open","sticky":false,"template":"","format":"standard","meta":{"_et_pb_use_builder":"off","_et_pb_old_content":"<!-- wp:heading -->\n<h2 class=\"wp-block-heading\">A Strong Presence in Austria's Premier Cybersecurity Forum<\/h2>\n<!-- \/wp:heading -->\n\n<!-- wp:paragraph -->\n<p>On June 25 and 26, fragmentiX participated in the ICT Security Conference 2025, hosted at the Messe Dornbirn in Vorarlberg. Organized by the Austrian Armed Forces in cooperation with the University of Applied Sciences Upper Austria and Cyber Security Austria, the conference brought together over 100 experts and speakers from across Europe to address today\u2019s most pressing issues in cyber and information security.<\/p>\n<!-- \/wp:paragraph -->\n\n<!-- wp:image {\"id\":4822,\"width\":\"auto\",\"height\":\"500px\",\"sizeSlug\":\"large\",\"linkDestination\":\"none\",\"align\":\"center\"} -->\n<figure class=\"wp-block-image aligncenter size-large is-resized\"><img src=\"https:\/\/fragmentix.com\/wp-content\/uploads\/2025\/07\/IKT-2025_Front-Entrance-1024x768.jpg\" alt=\"\" class=\"wp-image-4822\" style=\"width:auto;height:500px\"\/><figcaption class=\"wp-element-caption\">Dornbirn Exhibition Center<\/figcaption><\/figure>\n<!-- \/wp:image -->\n\n<!-- wp:paragraph -->\n<p><\/p>\n<!-- \/wp:paragraph -->\n\n<!-- wp:paragraph -->\n<p>From national defense to quantum-secure communication, the two-day event highlighted the growing need for digital sovereignty, trusted infrastructure, and cross-sector collaboration. fragmentiX contributed in two key presentations and held in-depth conversations with partners, clients, and cybersecurity professionals.<\/p>\n<!-- \/wp:paragraph -->\n\n<!-- wp:heading -->\n<h2 class=\"wp-block-heading\">Day 1: Werner Strasser Presents fragmentiX<\/h2>\n<!-- \/wp:heading -->\n\n<!-- wp:paragraph -->\n<p>Founder and CEO Werner Strasser introduced fragmentiX to a live audience, outlining how quantum-safe storage and Secret Sharing technology help organizations stay in control of their data \u2014 even in the age of advanced cyber threats.<\/p>\n<!-- \/wp:paragraph -->\n\n<!-- wp:embed {\"url\":\"https:\/\/www.youtube.com\/watch?v=Qfza4hba6h4\",\"type\":\"video\",\"providerNameSlug\":\"youtube\",\"responsive\":true,\"className\":\"wp-embed-aspect-16-9 wp-has-aspect-ratio\"} -->\n<figure class=\"wp-block-embed is-type-video is-provider-youtube wp-block-embed-youtube wp-embed-aspect-16-9 wp-has-aspect-ratio\"><div class=\"wp-block-embed__wrapper\">\nhttps:\/\/www.youtube.com\/watch?v=Qfza4hba6h4\n<\/div><figcaption class=\"wp-element-caption\">Werner Strasser presents fragmentiX \u2013 Day 1, June 25<\/figcaption><\/figure>\n<!-- \/wp:embed -->\n\n<!-- wp:paragraph -->\n<p>His talk emphasized the importance of data sovereignty, geo-redundant cloud setups, and how fragmentiX solutions can help companies meet current and future compliance challenges.<\/p>\n<!-- \/wp:paragraph -->\n\n<!-- wp:heading -->\n<h2 class=\"wp-block-heading\">Day 2: QCI-CAT \u2013 A Look into Quantum Communication in Austria<\/h2>\n<!-- \/wp:heading -->\n\n<!-- wp:paragraph -->\n<p>On the second day, Dr. Sebastian Ramacher (AIT) and Werner Strasser (fragmentiX) co-presented the QCI-CAT initiative \u2014 Austria\u2019s contribution to building a Quantum Communication Infrastructure as part of the European Union\u2019s digital sovereignty strategy.<\/p>\n<!-- \/wp:paragraph -->\n\n<!-- wp:embed {\"url\":\"https:\/\/www.youtube.com\/watch?v=9jBh2vYRajQ\",\"type\":\"video\",\"providerNameSlug\":\"youtube\",\"responsive\":true,\"className\":\"wp-embed-aspect-16-9 wp-has-aspect-ratio\"} -->\n<figure class=\"wp-block-embed is-type-video is-provider-youtube wp-block-embed-youtube wp-embed-aspect-16-9 wp-has-aspect-ratio\"><div class=\"wp-block-embed__wrapper\">\nhttps:\/\/www.youtube.com\/watch?v=9jBh2vYRajQ\n<\/div><figcaption class=\"wp-element-caption\">QCI-CAT Presentation \u2013 Dr. Ramacher &amp; W. Strasser, June 26<\/figcaption><\/figure>\n<!-- \/wp:embed -->\n\n<!-- wp:paragraph -->\n<p>As the final talk of the entire conference, it attracted significant attention. We\u2019re especially grateful for the many attendees and online viewers who stayed with us until the very end. Your interest in quantum-safe communication and data protection drives us forward.<\/p>\n<!-- \/wp:paragraph -->\n\n<!-- wp:heading -->\n<h2 class=\"wp-block-heading\">In Good Company<\/h2>\n<!-- \/wp:heading -->\n\n<!-- wp:paragraph -->\n<p>The conference also offered valuable networking opportunities. At our booth, visitors had the chance to speak directly with:<\/p>\n<!-- \/wp:paragraph -->\n\n<!-- wp:paragraph -->\n<p><\/p>\n<!-- \/wp:paragraph -->\n\n<!-- wp:image {\"id\":4837,\"width\":\"auto\",\"height\":\"500px\",\"sizeSlug\":\"full\",\"linkDestination\":\"none\",\"align\":\"center\"} -->\n<figure class=\"wp-block-image aligncenter size-full is-resized\"><img src=\"https:\/\/fragmentix.com\/wp-content\/uploads\/2025\/07\/IKT-2025_frX-SEP-Eurebis_Group-photo-2.jpg\" alt=\"\" class=\"wp-image-4837\" style=\"width:auto;height:500px\"\/><figcaption class=\"wp-element-caption\">Walter von Weber (fragmentiX), Werner Strasser (fragmentiX), M. A. (fragmentiX), Hartmut Birke (SEP), and Patrick K\u00fcng (Eurebis)<\/figcaption><\/figure>\n<!-- \/wp:image -->\n\n<!-- wp:paragraph -->\n<p>Together with our technology partners <a href=\"https:\/\/www.sep.de\/de\/\" data-type=\"link\" data-id=\"https:\/\/www.sep.de\/de\/\">SEP <\/a>and <a href=\"https:\/\/eurebis.ch\/\" data-type=\"link\" data-id=\"https:\/\/eurebis.ch\/\">Eurebis<\/a>, we showcased real-world use cases of secure backup solutions and sovereign cloud integration.<\/p>\n<!-- \/wp:paragraph -->\n\n<!-- wp:heading -->\n<h2 class=\"wp-block-heading\">Final Thoughts<\/h2>\n<!-- \/wp:heading -->\n\n<!-- wp:paragraph -->\n<p>The ICT Security Conference once again proved to be a key meeting point for decision-makers, researchers, and solution providers in the field of cybersecurity. fragmentiX is proud to contribute to the conversation around quantum resilience, trusted infrastructure, and future-proof data strategies.<\/p>\n<!-- \/wp:paragraph -->\n\n<!-- wp:paragraph -->\n<p>We look forward to continuing these discussions \u2014 online, in upcoming workshops, and at future conferences.<\/p>\n<!-- \/wp:paragraph -->\n\n<!-- wp:heading -->\n<h2 class=\"wp-block-heading\">Related Links:<\/h2>\n<!-- \/wp:heading -->\n\n<!-- wp:list -->\n<ul class=\"wp-block-list\"><!-- wp:list-item -->\n<li><a href=\"https:\/\/fragmentix.com\/our-technologies\/\" data-type=\"link\" data-id=\"https:\/\/fragmentix.com\/our-technologies\/\">fragmentiX \u2013 Quantum Safe Technology<\/a><\/li>\n<!-- \/wp:list-item -->\n\n<!-- wp:list-item -->\n<li><a href=\"https:\/\/qci-cat.at\/\" data-type=\"link\" data-id=\"https:\/\/qci-cat.at\/\">QCI-CAT Initiative Overview<\/a><\/li>\n<!-- \/wp:list-item -->\n\n<!-- wp:list-item -->\n<li><a href=\"https:\/\/fragmentix.com\/contact-us\/\" data-type=\"link\" data-id=\"https:\/\/fragmentix.com\/contact-us\/\">Contact us to learn more about our technology<\/a><\/li>\n<!-- \/wp:list-item --><\/ul>\n<!-- \/wp:list -->","_et_gb_content_width":"","_monsterinsights_skip_tracking":false,"_monsterinsights_sitenote_active":false,"_monsterinsights_sitenote_note":"","_monsterinsights_sitenote_category":0,"footnotes":""},"categories":[99,76],"tags":[109,107,103,106,69,101,110,105,102,104,108],"class_list":["post-4828","post","type-post","status-publish","format-standard","has-post-thumbnail","hentry","category-events","category-partnership","tag-cyber-resilience","tag-cybersecurity-austria","tag-data-sovereignty","tag-encrypted-cloud-storage","tag-fragmentix","tag-ict-security-conference-2025","tag-qci-cat","tag-quantum-communication","tag-quantum-safe-storage","tag-secret-sharing-technology","tag-sovereign-cloud-solutions"],"_links":{"self":[{"href":"https:\/\/fragmentix.com\/de\/wp-json\/wp\/v2\/posts\/4828","targetHints":{"allow":["GET"]}}],"collection":[{"href":"https:\/\/fragmentix.com\/de\/wp-json\/wp\/v2\/posts"}],"about":[{"href":"https:\/\/fragmentix.com\/de\/wp-json\/wp\/v2\/types\/post"}],"author":[{"embeddable":true,"href":"https:\/\/fragmentix.com\/de\/wp-json\/wp\/v2\/users\/1"}],"replies":[{"embeddable":true,"href":"https:\/\/fragmentix.com\/de\/wp-json\/wp\/v2\/comments?post=4828"}],"version-history":[{"count":13,"href":"https:\/\/fragmentix.com\/de\/wp-json\/wp\/v2\/posts\/4828\/revisions"}],"predecessor-version":[{"id":4871,"href":"https:\/\/fragmentix.com\/de\/wp-json\/wp\/v2\/posts\/4828\/revisions\/4871"}],"wp:featuredmedia":[{"embeddable":true,"href":"https:\/\/fragmentix.com\/de\/wp-json\/wp\/v2\/media\/4822"}],"wp:attachment":[{"href":"https:\/\/fragmentix.com\/de\/wp-json\/wp\/v2\/media?parent=4828"}],"wp:term":[{"taxonomy":"category","embeddable":true,"href":"https:\/\/fragmentix.com\/de\/wp-json\/wp\/v2\/categories?post=4828"},{"taxonomy":"post_tag","embeddable":true,"href":"https:\/\/fragmentix.com\/de\/wp-json\/wp\/v2\/tags?post=4828"}],"curies":[{"name":"wp","href":"https:\/\/api.w.org\/{rel}","templated":true}]}}