{"id":4761,"date":"2025-06-11T12:26:10","date_gmt":"2025-06-11T10:26:10","guid":{"rendered":"https:\/\/fragmentix.com\/?p=4761"},"modified":"2025-07-24T10:26:04","modified_gmt":"2025-07-24T08:26:04","slug":"idsf-vienna-june-2025","status":"publish","type":"post","link":"https:\/\/fragmentix.com\/de\/idsf-vienna-june-2025\/","title":{"rendered":"fragmentiX @ Internationales Forum f\u00fcr digitale Sicherheit in Wien 4. bis 6. Juni"},"content":{"rendered":"<p><strong>Wie k\u00f6nnen wir die digitale Souver\u00e4nit\u00e4t sch\u00fctzen und gleichzeitig die internationale Zusammenarbeit f\u00f6rdern? Auf dem Internationalen Forum f\u00fcr digitale Sicherheit 2025 in Wien erkundete fragmentiX gemeinsam mit globalen Experten L\u00f6sungen f\u00fcr Cybersicherheit, Widerstandsf\u00e4higkeit und quantensicheren Datenschutz.<\/strong><\/p>\n\n\n\n<p>Die <strong>Internationales Forum f\u00fcr digitale Sicherheit (IDSF)<\/strong> fand vom 4. bis 6. Juni 2025 im Wiener Museumsquartier statt. Unter dem Leitthema <strong>\"Ausgleich zwischen Souver\u00e4nit\u00e4t und Solidarit\u00e4t im digitalen Zeitalter\",\"<\/strong> trafen sich internationale Experten, politische Entscheidungstr\u00e4ger und f\u00fchrende Vertreter der Industrie, um zu er\u00f6rtern, wie die technologische Souver\u00e4nit\u00e4t gewahrt und gleichzeitig die globale Zusammenarbeit gef\u00f6rdert werden kann - insbesondere angesichts der immer komplexeren Bedrohungslage von heute.<\/p>\n\n\n\n<figure class=\"wp-block-image size-large\"><img loading=\"lazy\" decoding=\"async\" width=\"1024\" height=\"589\" src=\"https:\/\/fragmentix.com\/wp-content\/uploads\/2025\/06\/250605IDSFfoto1-1-1024x589.jpg\" alt=\"\" class=\"wp-image-4774\" srcset=\"https:\/\/fragmentix.com\/wp-content\/uploads\/2025\/06\/250605IDSFfoto1-1-980x564.jpg 980w, https:\/\/fragmentix.com\/wp-content\/uploads\/2025\/06\/250605IDSFfoto1-1-480x276.jpg 480w\" sizes=\"(min-width: 0px) and (max-width: 480px) 480px, (min-width: 481px) and (max-width: 980px) 980px, (min-width: 981px) 1024px, 100vw\" \/><\/figure>\n\n\n\n<p><br>fragmentiX nahm als Aussteller an der Veranstaltung teil und pr\u00e4sentierte unsere <strong>quantensichere Datenschutzl\u00f6sungen<\/strong> und sich an aufschlussreichen Diskussionen \u00fcber die Zukunft der Cybersicherheit beteiligen. Mit Themen, die von digitaler Resilienz bis hin zu grenz\u00fcberschreitenden Sicherheitsrahmen reichten, unterstrich die Veranstaltung einmal mehr die wachsende Relevanz der <strong>Datensouver\u00e4nit\u00e4t, vertrauensw\u00fcrdige Infrastruktur und langfristiger digitaler Schutz<\/strong>.<\/p>\n\n\n\n<h4 class=\"wp-block-heading\">Sind Sie bereit, Ihre Daten vor zuk\u00fcnftigen Bedrohungen zu sch\u00fctzen?<\/h4>\n\n\n\n<p>\u27a1\ufe0f Kontaktieren Sie uns f\u00fcr ein <a href=\"https:\/\/fragmentix.com\/de\/contact-us\/\" data-type=\"page\" data-id=\"4402\">Beratung oder Demo<\/a> zugeschnitten auf Ihre Infrastruktur.<\/p>\n\n\n\n<h4 class=\"wp-block-heading\">Erfahren Sie, wie fragmentiX im Detail funktioniert:<\/h4>\n\n\n\n<p>\u27a1\ufe0f Erkunden Sie unser <a href=\"https:\/\/fragmentix.com\/de\/products\/\" data-type=\"page\" data-id=\"4243\">L\u00f6sungen<\/a>.<\/p>","protected":false},"excerpt":{"rendered":"<p>Wie k\u00f6nnen wir die digitale Souver\u00e4nit\u00e4t sch\u00fctzen und gleichzeitig die internationale Zusammenarbeit f\u00f6rdern? Auf der IDSF 2025 in Wien hat fragmentiX gemeinsam mit globalen Experten L\u00f6sungen f\u00fcr Cybersicherheit, Widerstandsf\u00e4higkeit und quantensicheren Datenschutz untersucht.<\/p>","protected":false},"author":7,"featured_media":4763,"comment_status":"open","ping_status":"open","sticky":false,"template":"","format":"standard","meta":{"_et_pb_use_builder":"off","_et_pb_old_content":"<!-- wp:paragraph -->\n<p>The International Digital Security Forum (IDSF) took place in Vienna's Museumsquartier from June 4 to 6, 2025. Under the theme \u201cBalancing Sovereignty and Solidarity in the Digital Age\u201d, international experts discussed the balance between technological sovereignty and international cooperation in relation to the increasingly challenging threat landscape.<\/p>\n<!-- \/wp:paragraph -->\n\n<!-- wp:paragraph -->\n<p><\/p>\n<!-- \/wp:paragraph -->\n\n<!-- wp:paragraph -->\n<p><br>fragmentiX took part in this event as an exhibitor on the topic of cybersecurity, with exciting contributions and interesting insights in the various panel discussions. This event once again demonstrated the importance of data sovereignty and digital resilience.<\/p>\n<!-- \/wp:paragraph -->","_et_gb_content_width":"","_monsterinsights_skip_tracking":false,"_monsterinsights_sitenote_active":false,"_monsterinsights_sitenote_note":"","_monsterinsights_sitenote_category":0,"footnotes":""},"categories":[99],"tags":[109,107,69,68,100,60,108],"class_list":["post-4761","post","type-post","status-publish","format-standard","has-post-thumbnail","hentry","category-events","tag-cyber-resilience","tag-cybersecurity-austria","tag-fragmentix","tag-idsf","tag-idsf25","tag-secret-sharing","tag-sovereign-cloud-solutions"],"_links":{"self":[{"href":"https:\/\/fragmentix.com\/de\/wp-json\/wp\/v2\/posts\/4761","targetHints":{"allow":["GET"]}}],"collection":[{"href":"https:\/\/fragmentix.com\/de\/wp-json\/wp\/v2\/posts"}],"about":[{"href":"https:\/\/fragmentix.com\/de\/wp-json\/wp\/v2\/types\/post"}],"author":[{"embeddable":true,"href":"https:\/\/fragmentix.com\/de\/wp-json\/wp\/v2\/users\/7"}],"replies":[{"embeddable":true,"href":"https:\/\/fragmentix.com\/de\/wp-json\/wp\/v2\/comments?post=4761"}],"version-history":[{"count":16,"href":"https:\/\/fragmentix.com\/de\/wp-json\/wp\/v2\/posts\/4761\/revisions"}],"predecessor-version":[{"id":5055,"href":"https:\/\/fragmentix.com\/de\/wp-json\/wp\/v2\/posts\/4761\/revisions\/5055"}],"wp:featuredmedia":[{"embeddable":true,"href":"https:\/\/fragmentix.com\/de\/wp-json\/wp\/v2\/media\/4763"}],"wp:attachment":[{"href":"https:\/\/fragmentix.com\/de\/wp-json\/wp\/v2\/media?parent=4761"}],"wp:term":[{"taxonomy":"category","embeddable":true,"href":"https:\/\/fragmentix.com\/de\/wp-json\/wp\/v2\/categories?post=4761"},{"taxonomy":"post_tag","embeddable":true,"href":"https:\/\/fragmentix.com\/de\/wp-json\/wp\/v2\/tags?post=4761"}],"curies":[{"name":"wp","href":"https:\/\/api.w.org\/{rel}","templated":true}]}}